{"id":15701,"date":"2021-06-14T14:42:55","date_gmt":"2021-06-14T17:42:55","guid":{"rendered":"https:\/\/ourofinoagro.com.br\/?p=15701"},"modified":"2021-12-14T14:43:11","modified_gmt":"2021-12-14T17:43:11","slug":"meet-the-new-ceo-of-ourofino-and-the-goals-of-the-company-for-the-following-years","status":"publish","type":"post","link":"https:\/\/ourofinoagro.com.br\/en\/news\/meet-the-new-ceo-of-ourofino-and-the-goals-of-the-company-for-the-following-years\/","title":{"rendered":"Meet the new CEO of Ourofino and the goals of the company for the following years"},"content":{"rendered":"<p>[et_pb_section fb_built=&#8221;1&#8243; _builder_version=&#8221;3.25.4&#8243; custom_padding=&#8221;1px|||||&#8221; da_disable_devices=&#8221;off|off|off&#8221; global_colors_info=&#8221;{}&#8221; da_is_popup=&#8221;off&#8221; da_exit_intent=&#8221;off&#8221; da_has_close=&#8221;on&#8221; da_alt_close=&#8221;off&#8221; da_dark_close=&#8221;off&#8221; da_not_modal=&#8221;on&#8221; da_is_singular=&#8221;off&#8221; da_with_loader=&#8221;off&#8221; da_has_shadow=&#8221;on&#8221;][et_pb_row _builder_version=&#8221;4.9.6&#8243; _module_preset=&#8221;default&#8221; global_colors_info=&#8221;{}&#8221;][et_pb_column type=&#8221;4_4&#8243; _builder_version=&#8221;4.9.6&#8243; _module_preset=&#8221;default&#8221; global_colors_info=&#8221;{}&#8221;][et_pb_image src=&#8221;https:\/\/ourofinoagro.com.br\/wp-content\/uploads\/2021\/05\/CEO_Marcelo_Abdo_Capa.jpg&#8221; title_text=&#8221;CEO_Marcelo_Abdo_Capa&#8221; _builder_version=&#8221;4.9.6&#8243; _module_preset=&#8221;default&#8221; global_colors_info=&#8221;{}&#8221;][\/et_pb_image][et_pb_text _builder_version=&#8221;4.9.6&#8243; _module_preset=&#8221;default&#8221; global_colors_info=&#8221;{}&#8221;]<\/p>\n<p style=\"text-align: center;\"><em>The position belongs now to Marcelo Abdo, former vice-president of the company; the company also announces positive balance for the cycle ended in March<\/em><\/p>\n<p>[\/et_pb_text][\/et_pb_column][\/et_pb_row][et_pb_row _builder_version=&#8221;4.9.6&#8243; _module_preset=&#8221;default&#8221; global_colors_info=&#8221;{}&#8221;][et_pb_column type=&#8221;4_4&#8243; _builder_version=&#8221;4.9.6&#8243; _module_preset=&#8221;default&#8221; global_colors_info=&#8221;{}&#8221;][et_pb_text _builder_version=&#8221;4.9.6&#8243; _module_preset=&#8221;default&#8221; global_colors_info=&#8221;{}&#8221;]<\/p>\n<p>To reach the strategic plan which aims at doubling in only five years the annual revenues of the company, currently superior to BRL 1.5 billion, according to the value calculated in the last fiscal year, Ourofino Agroci\u00eancia starts a new leadership moment.\u00a0 From the 1st of June, Marcelo Abdo, who has been with the company from the moment of its foundation in 2010 and was the vice-president takes the position of CEO of the crop Protection company.<\/p>\n<p>\u00a0Abdo, is graduated in economics and has specialized in managerial competencies, finances with an MBA in agribusiness, taking over the position of the founding partner Norival Bonamichi.\u00a0\u00a0 Bonamichi is now the new President of the Administration Council, a group composed by Jardel\u00a0 Massari, also a founding partner of Ourofino Agroci\u00eancia.\u00a0 Some external councilors are part of the group and two representatives of the Japanese company Mitsui and ISK which have participation in the capital of the industry.\u00a0 Bonamichi will be responsible for two committees &#8211; Research, Development and Regulatory Affairs<\/p>\n<p>\u00a0By the side of the new CEO in the management of the company is Alessandro Flamini, former financial director and now CFO.\u00a0 As Abdo, Flamini has a long career in the 10-year-old company.\u00a0 Both take charge of their main leadership positions midst changes in the operation of the business.\u00a0 For the first time, Ourofino Agroci\u00eancia will deliver its own patented product to the market, developed by ISK.\u00a0 The solution counts on a novel molecule in Brazil.<\/p>\n<p>\u00a0The company has a robust plan to launch 11 products for the next months of 2021.\u00a0 That will reinforce its participation in the main agricultural market of country which is soybeans.\u00a0 Currently, sugar cane represents the largest part of the market share of the company.\u00a0 Ourofino Agroci\u00eancia intends to grow in both markets however, hoping to end the corporate exercise in March 2022 with two-digit participation in sugar cane and with expressive growth in soybean crops.<\/p>\n<p>\u00a0From 2019, when the partnerships with ISK \u00a0<span><a href=\"https:\/\/www.mitsui.com\/jp\/en\/index.html\">and Mitsui<\/a><\/span>\u00a0were signed, the Brazilian Origin industry advances in market researches and in scientific researches, to become more competitive.\u00a0 The plan to double revenues is supported by this process which started years ago and by the purpose to reimagine Brazilian agriculture, delivering products which are adjusted to tropical climate and soil.<\/p>\n<p>In five years, the expectation is to reach over BRL 3 billion in revenues.\u00a0 Besides, the company established a goal of BRL 5 billion for the next 10 years, which, according to Marcelo Abdo, must be accomplished with bold management which aims mainly at the development of people.<\/p>\n<p>\u00a0\u201cWe search for operational excellence and will invest strongly to increase the qualification of our 450 employees. From the operators to the leaders, all will have even more chances to grow and develop new skills.\u00a0 This process was already started and involves, mainly, the analysis of all of the Ourofino Agroci\u00eancia team\u201d, states the new CEO.\u00a0 Recently, the industry announced Luciana D\u2019Elboux Louren\u00e7o as new director of the People Management area, and more changes in the team are coming soon.<\/p>\n<p>\u00a0<span>Other investments may happen during this new cycle, however Abdo emphasizes that the capacity of production of the <a href=\"https:\/\/ourofinoagro.com.br\/institucional\/fabrica\/\">factory<\/a> located in Uberaba (MG). <\/span>\u00a0\u201cThe factory is considered one of the best in the world by auditors, our industry has today the capacity to produce 120 mi kg.L\/year. In the last cycle, the total produced was 55 million, a record, but also a number that shows our capacity of scaling up the production.\u00a0 Besides, the factory was planned for growth, so, literally, we may rip the roof apart, include new reactors, for instance, and expand current numbers\u201d, explains.<\/p>\n<p>\u00a0Even with such possibility, however, the CEO assumes that it will not be needed for the accomplishment of the first goal relating to the revenues of the company.\u00a0 \u201cWe are in a very significant moment of the business.\u00a0 The launch of a patented product lifts us to the same position as other companies of the sector.\u00a0 The management of Ourofino Agroci\u00eancia is also a strong point.\u00a0 In 10 years, our BDP &#8211; Bad debt Allowance &#8211; is only 0.18%, it is not a common number in the segment.\u00a0\u00a0 Despite having gone through a challenging year, we have fulfilled all the goals estimated and we did not need to lay off one single person from our team\u201d, reinforces Abdo.<\/p>\n<p>[\/et_pb_text][et_pb_text _builder_version=&#8221;4.9.6&#8243; _module_preset=&#8221;default&#8221; global_colors_info=&#8221;{}&#8221;]<\/p>\n<h3 style=\"text-align: center;\">Annual Results<\/h3>\n<p>This month, the company also announces the results relating to the financial cycle started in April 2020 and finished in March this year.\u00a0 The result is positive.\u00a0 With Revenues of BRL 1.521 billion Ourofino Agroci\u00eancia registered EBITDA of BRL 197 million which corresponds to a margin of 13.8% and net profits of BRL 90 million.<\/p>\n<p>\u00a0In the corporate year that has come to an end, the company increased its investments in research and Development.\u00a0 From BRL 30.2 million in the cycle 19\/20 to BRL 35,9 million in the last period<\/p>\n<p>[\/et_pb_text][et_pb_text _builder_version=&#8221;4.9.6&#8243; _module_preset=&#8221;default&#8221; text_font=&#8221;|300|||||||&#8221; text_text_color=&#8221;#002855&#8243; locked=&#8221;off&#8221; global_colors_info=&#8221;{}&#8221;]<\/p>\n<h3 style=\"text-align: center;\">Get to know more about the new CEO and CFO of Ourofino Agroci\u00eancia<\/h3>\n<p>[\/et_pb_text][\/et_pb_column][\/et_pb_row][et_pb_row column_structure=&#8221;2_5,3_5&#8243; _builder_version=&#8221;4.9.4&#8243; _module_preset=&#8221;default&#8221; background_color=&#8221;#00457a&#8221; custom_margin=&#8221;||0px||false|false&#8221; custom_padding=&#8221;0px||0px||false|false&#8221; border_radii=&#8221;on|1px|1px|1px|1px&#8221; border_color_all=&#8221;#000000&#8243; locked=&#8221;off&#8221; global_colors_info=&#8221;{}&#8221;][et_pb_column type=&#8221;2_5&#8243; _builder_version=&#8221;4.5.6&#8243; _module_preset=&#8221;default&#8221; global_colors_info=&#8221;{}&#8221;][et_pb_image src=&#8221;https:\/\/ourofinoagro.com.br\/wp-content\/uploads\/2021\/05\/Marcelo_Abdo_CEO_Ourofino_Agrociencia_Web.jpg&#8221; alt=&#8221;Marcos Fava Neves lan\u00e7a Livro sobre bionergia vinda da cana-de-a\u00e7\u00facar&#8221; title_text=&#8221;Marcelo_Abdo_CEO_Ourofino_Agroci\u00eancia_Web&#8221; _builder_version=&#8221;4.9.4&#8243; _module_preset=&#8221;default&#8221; custom_margin=&#8221;23px|0px||32px|false|false&#8221; custom_margin_tablet=&#8221;|32px||32px|false|false&#8221; custom_margin_phone=&#8221;|22px|-8px|22px|false|false&#8221; custom_margin_last_edited=&#8221;on|phone&#8221; custom_padding=&#8221;0px|0px|0px|0px|false|false&#8221; global_colors_info=&#8221;{}&#8221;][\/et_pb_image][et_pb_video _builder_version=&#8221;4.9.2&#8243; _module_preset=&#8221;default&#8221; custom_margin=&#8221;|0px||8px|false|false&#8221; global_colors_info=&#8221;{}&#8221;][\/et_pb_video][\/et_pb_column][et_pb_column type=&#8221;3_5&#8243; _builder_version=&#8221;4.5.6&#8243; _module_preset=&#8221;default&#8221; global_colors_info=&#8221;{}&#8221;][et_pb_text _builder_version=&#8221;4.9.6&#8243; _module_preset=&#8221;default&#8221; text_text_color=&#8221;#ffffff&#8221; header_2_text_color=&#8221;#ffffff&#8221; header_3_text_color=&#8221;#ffffff&#8221; custom_margin=&#8221;30px|29px|||false|false&#8221; custom_margin_tablet=&#8221;0px|||32px|false|false&#8221; custom_margin_phone=&#8221;0px|22px|0px|22px|false|false&#8221; custom_margin_last_edited=&#8221;on|phone&#8221; custom_padding=&#8221;|0px|15px|0px|false|false&#8221; global_colors_info=&#8221;{}&#8221;]<\/p>\n<h2 style=\"text-align: center;\">Marcelo Damus Abdo<\/h2>\n<p>Graduated in Economics in PUC-SP, Post Graduated in Management Skills by FSA, Development of Management Competencies by FGV\/SP, Finances by FIA\/USP and MBA in Agribusiness by ESALQ\/USP, Mr. Abdo joined the company in May 2010 as Financial Director, becoming the CFO in 2014 and Vice President in 2016.\u00a0\u00a0 He has been part of the construction of Ourofino, contributing a lot for the achievements of the expressive results the company has had in such a short time, helping to transform the company in a reference in the segment regarding management., operational efficiency, quality of products and in billing.<\/p>\n<p>Among his main achievements, Abdo leaded the execution of all the negotiations of M&amp;A involving the Japanese investors Mitsui and ISK from the assembly of the internal team, hiring of the consultancy, bank, and attorneys for the support of the transaction. He was responsible for the dialog between the Japanese and the founding partners, enabling the execution of the agreement.<\/p>\n<p>[\/et_pb_text][\/et_pb_column][\/et_pb_row][et_pb_row column_structure=&#8221;3_5,2_5&#8243; _builder_version=&#8221;4.9.4&#8243; _module_preset=&#8221;default&#8221; background_color=&#8221;#00457a&#8221; custom_margin=&#8221;25px||0px||false|false&#8221; custom_padding=&#8221;0px||7px||false|false&#8221; border_radii=&#8221;on|1px|1px|1px|1px&#8221; border_color_all=&#8221;#000000&#8243; locked=&#8221;off&#8221; global_colors_info=&#8221;{}&#8221;][et_pb_column type=&#8221;3_5&#8243; _builder_version=&#8221;4.5.6&#8243; _module_preset=&#8221;default&#8221; global_colors_info=&#8221;{}&#8221;][et_pb_text _builder_version=&#8221;4.9.6&#8243; _module_preset=&#8221;default&#8221; text_text_color=&#8221;#ffffff&#8221; header_2_text_color=&#8221;#ffffff&#8221; header_3_text_color=&#8221;#ffffff&#8221; custom_margin=&#8221;34px|||32px|false|false&#8221; custom_margin_tablet=&#8221;28px|23px|||false|false&#8221; custom_margin_phone=&#8221;29px|22px|41px|22px|false|false&#8221; custom_margin_last_edited=&#8221;on|phone&#8221; custom_padding=&#8221;|0px|0px||false|false&#8221; hover_enabled=&#8221;0&#8243; global_colors_info=&#8221;{}&#8221; sticky_enabled=&#8221;0&#8243;]<\/p>\n<h2 style=\"text-align: center;\">Alessandro Henrique Flamini<\/h2>\n<p>Graduated in Business Administration and Computer Systems Analysis in Universidade Paulista, Mr. Flamini also has executive formation in Business Strategies in Funda\u00e7\u00e3o Dom Cabral, in Negotiations and in conflict management in IBMEC and Accounting and Financing in INSPER.<\/p>\n<p>Mr. Flamini joined Ourofino Agroci\u00eancia in February 201 as Credit and Collection Manager as part of the team who started the activities of the company. In 2019, he became Financial Director. \u00a0In 2019, he became financial director.\u00a0In his new role, he will also lead the Legal and Information Technology areas.<\/p>\n<p>His mission shall be to ensure the sustainability of the business of Ourofino Agroci\u00eancia with financial strategies that allow us to anticipate decisions and surpass the enormous macroeconomic challenges that we already face and shall continue to face in the coming years.<\/p>\n<p>[\/et_pb_text][\/et_pb_column][et_pb_column type=&#8221;2_5&#8243; _builder_version=&#8221;4.5.6&#8243; _module_preset=&#8221;default&#8221; global_colors_info=&#8221;{}&#8221;][et_pb_image src=&#8221;https:\/\/ourofinoagro.com.br\/wp-content\/uploads\/2021\/05\/Alessandro_Flamini_CFO_Ourofino_Agrociencia_Web.jpg&#8221; alt=&#8221;Socicana apoia livro sobre bionergia no setor sucroenerg\u00e9tico&#8221; title_text=&#8221;Alessandro_Flamini_CFO_Ourofino_Agroci\u00eancia_Web&#8221; _builder_version=&#8221;4.9.4&#8243; _module_preset=&#8221;default&#8221; custom_margin=&#8221;22px|29px|0px|0px|false|false&#8221; custom_margin_tablet=&#8221;|||32px|false|false&#8221; custom_margin_phone=&#8221;-52px|22px|0px|22px|false|false&#8221; custom_margin_last_edited=&#8221;on|phone&#8221; custom_padding=&#8221;0px|0px|18px|0px|false|false&#8221; global_colors_info=&#8221;{}&#8221;][\/et_pb_image][\/et_pb_column][\/et_pb_row][\/et_pb_section]<\/p>\n","protected":false},"excerpt":{"rendered":"<p>The position belongs now to Marcelo Abdo, former vice-president of the company; the company also announces positive balance for the cycle ended in MarchTo reach the strategic plan which aims at doubling in only five years the annual revenues of the company, currently superior to BRL 1.5 billion, according to the value calculated in the [&hellip;]<\/p>\n","protected":false},"author":3,"featured_media":0,"comment_status":"open","ping_status":"open","sticky":false,"template":"","format":"standard","meta":{"_et_pb_use_builder":"on","_et_pb_old_content":"<!-- wp:divi\/placeholder \/-->","_et_gb_content_width":"1080","inline_featured_image":false,"footnotes":""},"categories":[102,178],"tags":[],"dipi_cpt_category":[],"class_list":["post-15701","post","type-post","status-publish","format-standard","hentry","category-news","category-releases-en"],"yoast_head":"<!-- This site is optimized with the Yoast SEO plugin v21.6 - https:\/\/yoast.com\/wordpress\/plugins\/seo\/ -->\n<title>Meet the new CEO of Ourofino Agroci\u00eancia - Ourofino Agroci\u00eancia<\/title>\n<meta name=\"description\" content=\"Meet the new CEO of Ourofino and the goals of the company for the following years. The position belongs now to Marcelo Abdo.\" \/>\n<meta name=\"robots\" content=\"index, follow, max-snippet:-1, max-image-preview:large, max-video-preview:-1\" \/>\n<link rel=\"canonical\" href=\"https:\/\/ourofinoagro.com.br\/en\/news\/meet-the-new-ceo-of-ourofino-and-the-goals-of-the-company-for-the-following-years\/\" \/>\n<meta property=\"og:locale\" content=\"en_US\" \/>\n<meta property=\"og:type\" content=\"article\" \/>\n<meta property=\"og:title\" content=\"Meet the new CEO of Ourofino Agroci\u00eancia - Ourofino Agroci\u00eancia\" \/>\n<meta property=\"og:description\" content=\"Meet the new CEO of Ourofino and the goals of the company for the following years. The position belongs now to Marcelo Abdo.\" \/>\n<meta property=\"og:url\" content=\"https:\/\/ourofinoagro.com.br\/en\/news\/meet-the-new-ceo-of-ourofino-and-the-goals-of-the-company-for-the-following-years\/\" \/>\n<meta property=\"og:site_name\" content=\"Ourofino Agroci\u00eancia\" \/>\n<meta property=\"article:published_time\" content=\"2021-06-14T17:42:55+00:00\" \/>\n<meta property=\"article:modified_time\" content=\"2021-12-14T17:43:11+00:00\" \/>\n<meta name=\"author\" content=\"enrique\" \/>\n<meta name=\"twitter:card\" content=\"summary_large_image\" \/>\n<meta name=\"twitter:label1\" content=\"Written by\" \/>\n\t<meta name=\"twitter:data1\" content=\"enrique\" \/>\n\t<meta name=\"twitter:label2\" content=\"Est. reading time\" \/>\n\t<meta name=\"twitter:data2\" content=\"6 minutes\" \/>\n<script type=\"application\/ld+json\" class=\"yoast-schema-graph\">{\"@context\":\"https:\/\/schema.org\",\"@graph\":[{\"@type\":\"WebPage\",\"@id\":\"https:\/\/ourofinoagro.com.br\/en\/news\/meet-the-new-ceo-of-ourofino-and-the-goals-of-the-company-for-the-following-years\/\",\"url\":\"https:\/\/ourofinoagro.com.br\/en\/news\/meet-the-new-ceo-of-ourofino-and-the-goals-of-the-company-for-the-following-years\/\",\"name\":\"Meet the new CEO of Ourofino Agroci\u00eancia - Ourofino Agroci\u00eancia\",\"isPartOf\":{\"@id\":\"https:\/\/ourofinoagro.com.br\/#website\"},\"datePublished\":\"2021-06-14T17:42:55+00:00\",\"dateModified\":\"2021-12-14T17:43:11+00:00\",\"author\":{\"@id\":\"https:\/\/ourofinoagro.com.br\/#\/schema\/person\/087c800fd3d7dc72ed43c9fdd2f27525\"},\"description\":\"Meet the new CEO of Ourofino and the goals of the company for the following years. The position belongs now to Marcelo Abdo.\",\"breadcrumb\":{\"@id\":\"https:\/\/ourofinoagro.com.br\/en\/news\/meet-the-new-ceo-of-ourofino-and-the-goals-of-the-company-for-the-following-years\/#breadcrumb\"},\"inLanguage\":\"en-US\",\"potentialAction\":[{\"@type\":\"ReadAction\",\"target\":[\"https:\/\/ourofinoagro.com.br\/en\/news\/meet-the-new-ceo-of-ourofino-and-the-goals-of-the-company-for-the-following-years\/\"]}]},{\"@type\":\"BreadcrumbList\",\"@id\":\"https:\/\/ourofinoagro.com.br\/en\/news\/meet-the-new-ceo-of-ourofino-and-the-goals-of-the-company-for-the-following-years\/#breadcrumb\",\"itemListElement\":[{\"@type\":\"ListItem\",\"position\":1,\"name\":\"In\u00edcio\",\"item\":\"https:\/\/ourofinoagro.com.br\/en\/\"},{\"@type\":\"ListItem\",\"position\":2,\"name\":\"Meet the new CEO of Ourofino and the goals of the company for the following years\"}]},{\"@type\":\"WebSite\",\"@id\":\"https:\/\/ourofinoagro.com.br\/#website\",\"url\":\"https:\/\/ourofinoagro.com.br\/\",\"name\":\"Ourofino Agroci\u00eancia\",\"description\":\"Nosso prop\u00f3sito de Reimaginar a Agricultura Brasileira est\u00e1 relacionado ao nosso compromisso em inspirar uma nova era de desenvolvimento, produtividade e crescimento.\",\"potentialAction\":[{\"@type\":\"SearchAction\",\"target\":{\"@type\":\"EntryPoint\",\"urlTemplate\":\"https:\/\/ourofinoagro.com.br\/?s={search_term_string}\"},\"query-input\":\"required name=search_term_string\"}],\"inLanguage\":\"en-US\"},{\"@type\":\"Person\",\"@id\":\"https:\/\/ourofinoagro.com.br\/#\/schema\/person\/087c800fd3d7dc72ed43c9fdd2f27525\",\"name\":\"enrique\",\"image\":{\"@type\":\"ImageObject\",\"inLanguage\":\"en-US\",\"@id\":\"https:\/\/ourofinoagro.com.br\/#\/schema\/person\/image\/\",\"url\":\"https:\/\/secure.gravatar.com\/avatar\/a0c3b0078a92b3d6f613cb1d36b3bc73?s=96&d=mm&r=r\",\"contentUrl\":\"https:\/\/secure.gravatar.com\/avatar\/a0c3b0078a92b3d6f613cb1d36b3bc73?s=96&d=mm&r=r\",\"caption\":\"enrique\"},\"url\":\"https:\/\/ourofinoagro.com.br\/en\/author\/ourofinoagro\/\"}]}<\/script>\n<!-- \/ Yoast SEO plugin. -->","yoast_head_json":{"title":"Meet the new CEO of Ourofino Agroci\u00eancia - Ourofino Agroci\u00eancia","description":"Meet the new CEO of Ourofino and the goals of the company for the following years. The position belongs now to Marcelo Abdo.","robots":{"index":"index","follow":"follow","max-snippet":"max-snippet:-1","max-image-preview":"max-image-preview:large","max-video-preview":"max-video-preview:-1"},"canonical":"https:\/\/ourofinoagro.com.br\/en\/news\/meet-the-new-ceo-of-ourofino-and-the-goals-of-the-company-for-the-following-years\/","og_locale":"en_US","og_type":"article","og_title":"Meet the new CEO of Ourofino Agroci\u00eancia - Ourofino Agroci\u00eancia","og_description":"Meet the new CEO of Ourofino and the goals of the company for the following years. The position belongs now to Marcelo Abdo.","og_url":"https:\/\/ourofinoagro.com.br\/en\/news\/meet-the-new-ceo-of-ourofino-and-the-goals-of-the-company-for-the-following-years\/","og_site_name":"Ourofino Agroci\u00eancia","article_published_time":"2021-06-14T17:42:55+00:00","article_modified_time":"2021-12-14T17:43:11+00:00","author":"enrique","twitter_card":"summary_large_image","twitter_misc":{"Written by":"enrique","Est. reading time":"6 minutes"},"schema":{"@context":"https:\/\/schema.org","@graph":[{"@type":"WebPage","@id":"https:\/\/ourofinoagro.com.br\/en\/news\/meet-the-new-ceo-of-ourofino-and-the-goals-of-the-company-for-the-following-years\/","url":"https:\/\/ourofinoagro.com.br\/en\/news\/meet-the-new-ceo-of-ourofino-and-the-goals-of-the-company-for-the-following-years\/","name":"Meet the new CEO of Ourofino Agroci\u00eancia - Ourofino Agroci\u00eancia","isPartOf":{"@id":"https:\/\/ourofinoagro.com.br\/#website"},"datePublished":"2021-06-14T17:42:55+00:00","dateModified":"2021-12-14T17:43:11+00:00","author":{"@id":"https:\/\/ourofinoagro.com.br\/#\/schema\/person\/087c800fd3d7dc72ed43c9fdd2f27525"},"description":"Meet the new CEO of Ourofino and the goals of the company for the following years. The position belongs now to Marcelo Abdo.","breadcrumb":{"@id":"https:\/\/ourofinoagro.com.br\/en\/news\/meet-the-new-ceo-of-ourofino-and-the-goals-of-the-company-for-the-following-years\/#breadcrumb"},"inLanguage":"en-US","potentialAction":[{"@type":"ReadAction","target":["https:\/\/ourofinoagro.com.br\/en\/news\/meet-the-new-ceo-of-ourofino-and-the-goals-of-the-company-for-the-following-years\/"]}]},{"@type":"BreadcrumbList","@id":"https:\/\/ourofinoagro.com.br\/en\/news\/meet-the-new-ceo-of-ourofino-and-the-goals-of-the-company-for-the-following-years\/#breadcrumb","itemListElement":[{"@type":"ListItem","position":1,"name":"In\u00edcio","item":"https:\/\/ourofinoagro.com.br\/en\/"},{"@type":"ListItem","position":2,"name":"Meet the new CEO of Ourofino and the goals of the company for the following years"}]},{"@type":"WebSite","@id":"https:\/\/ourofinoagro.com.br\/#website","url":"https:\/\/ourofinoagro.com.br\/","name":"Ourofino Agroci\u00eancia","description":"Nosso prop\u00f3sito de Reimaginar a Agricultura Brasileira est\u00e1 relacionado ao nosso compromisso em inspirar uma nova era de desenvolvimento, produtividade e crescimento.","potentialAction":[{"@type":"SearchAction","target":{"@type":"EntryPoint","urlTemplate":"https:\/\/ourofinoagro.com.br\/?s={search_term_string}"},"query-input":"required name=search_term_string"}],"inLanguage":"en-US"},{"@type":"Person","@id":"https:\/\/ourofinoagro.com.br\/#\/schema\/person\/087c800fd3d7dc72ed43c9fdd2f27525","name":"enrique","image":{"@type":"ImageObject","inLanguage":"en-US","@id":"https:\/\/ourofinoagro.com.br\/#\/schema\/person\/image\/","url":"https:\/\/secure.gravatar.com\/avatar\/a0c3b0078a92b3d6f613cb1d36b3bc73?s=96&d=mm&r=r","contentUrl":"https:\/\/secure.gravatar.com\/avatar\/a0c3b0078a92b3d6f613cb1d36b3bc73?s=96&d=mm&r=r","caption":"enrique"},"url":"https:\/\/ourofinoagro.com.br\/en\/author\/ourofinoagro\/"}]}},"_links":{"self":[{"href":"https:\/\/ourofinoagro.com.br\/en\/wp-json\/wp\/v2\/posts\/15701"}],"collection":[{"href":"https:\/\/ourofinoagro.com.br\/en\/wp-json\/wp\/v2\/posts"}],"about":[{"href":"https:\/\/ourofinoagro.com.br\/en\/wp-json\/wp\/v2\/types\/post"}],"author":[{"embeddable":true,"href":"https:\/\/ourofinoagro.com.br\/en\/wp-json\/wp\/v2\/users\/3"}],"replies":[{"embeddable":true,"href":"https:\/\/ourofinoagro.com.br\/en\/wp-json\/wp\/v2\/comments?post=15701"}],"version-history":[{"count":5,"href":"https:\/\/ourofinoagro.com.br\/en\/wp-json\/wp\/v2\/posts\/15701\/revisions"}],"predecessor-version":[{"id":244152,"href":"https:\/\/ourofinoagro.com.br\/en\/wp-json\/wp\/v2\/posts\/15701\/revisions\/244152"}],"wp:attachment":[{"href":"https:\/\/ourofinoagro.com.br\/en\/wp-json\/wp\/v2\/media?parent=15701"}],"wp:term":[{"taxonomy":"category","embeddable":true,"href":"https:\/\/ourofinoagro.com.br\/en\/wp-json\/wp\/v2\/categories?post=15701"},{"taxonomy":"post_tag","embeddable":true,"href":"https:\/\/ourofinoagro.com.br\/en\/wp-json\/wp\/v2\/tags?post=15701"},{"taxonomy":"dipi_cpt_category","embeddable":true,"href":"https:\/\/ourofinoagro.com.br\/en\/wp-json\/wp\/v2\/dipi_cpt_category?post=15701"}],"curies":[{"name":"wp","href":"https:\/\/api.w.org\/{rel}","templated":true}]}}